{"id":8968,"date":"2021-05-20T12:04:23","date_gmt":"2021-05-20T11:04:23","guid":{"rendered":"https:\/\/juliogonzalez.org\/2021\/05\/20\/retrospective-julio-gonzalez-au-centre-pompidou-malaga-27-mai-au-17-octobre-2021\/"},"modified":"2021-05-20T16:24:09","modified_gmt":"2021-05-20T15:24:09","slug":"retrospective-julio-gonzalez-au-centre-pompidou-malaga-27-mai-au-17-octobre-2021","status":"publish","type":"post","link":"https:\/\/juliogonzalez.org\/en\/2021\/05\/retrospective-julio-gonzalez-au-centre-pompidou-malaga-27-mai-au-17-octobre-2021\/","title":{"rendered":"Julio Gonz\u00e1lez Retrospective at the Centre Pompidou M\u00e1laga, 27 May to 17 October 2021"},"content":{"rendered":"\n<p>Starting on 27 May 2021, an important retrospective on Julio Gonz\u00e1lez will be on view at the Centre Pompidou M\u00e1laga.<\/p>\n\n\n\n<figure class=\"wp-block-gallery columns-2 is-cropped wp-block-gallery-1 is-layout-flex wp-block-gallery-is-layout-flex\"><ul class=\"blocks-gallery-grid\"><li class=\"blocks-gallery-item\"><figure><img loading=\"lazy\" decoding=\"async\" width=\"1024\" height=\"1024\" src=\"https:\/\/juliogonzalez.org\/wp-content\/uploads\/2021\/05\/pompidou_malaga-1024x1024.jpeg\" alt=\"\" data-id=\"8920\" data-full-url=\"https:\/\/juliogonzalez.org\/wp-content\/uploads\/2021\/05\/pompidou_malaga.jpeg\" data-link=\"https:\/\/juliogonzalez.org\/julio-gonzalez-site-officiel-de-lartiste\/pompidou_malaga\/\" class=\"wp-image-8921\" srcset=\"https:\/\/juliogonzalez.org\/wp-content\/uploads\/2021\/05\/pompidou_malaga-1024x1024.jpeg 1024w, https:\/\/juliogonzalez.org\/wp-content\/uploads\/2021\/05\/pompidou_malaga-300x300.jpeg 300w, https:\/\/juliogonzalez.org\/wp-content\/uploads\/2021\/05\/pompidou_malaga-150x150.jpeg 150w, https:\/\/juliogonzalez.org\/wp-content\/uploads\/2021\/05\/pompidou_malaga-768x768.jpeg 768w, https:\/\/juliogonzalez.org\/wp-content\/uploads\/2021\/05\/pompidou_malaga-600x600.jpeg 600w, https:\/\/juliogonzalez.org\/wp-content\/uploads\/2021\/05\/pompidou_malaga-1536x1536.jpeg 1536w, https:\/\/juliogonzalez.org\/wp-content\/uploads\/2021\/05\/pompidou_malaga-145x145.jpeg 145w, https:\/\/juliogonzalez.org\/wp-content\/uploads\/2021\/05\/pompidou_malaga-24x24.jpeg 24w, https:\/\/juliogonzalez.org\/wp-content\/uploads\/2021\/05\/pompidou_malaga-36x36.jpeg 36w, https:\/\/juliogonzalez.org\/wp-content\/uploads\/2021\/05\/pompidou_malaga-48x48.jpeg 48w, https:\/\/juliogonzalez.org\/wp-content\/uploads\/2021\/05\/pompidou_malaga.jpeg 1600w\" sizes=\"auto, (max-width: 1024px) 100vw, 1024px\" \/><\/figure><\/li><li class=\"blocks-gallery-item\"><figure><img loading=\"lazy\" decoding=\"async\" width=\"711\" height=\"640\" src=\"https:\/\/juliogonzalez.org\/wp-content\/uploads\/2021\/05\/JG-Malaga.png\" alt=\"\" data-id=\"8901\" data-full-url=\"https:\/\/juliogonzalez.org\/wp-content\/uploads\/2021\/05\/JG-Malaga.png\" data-link=\"https:\/\/juliogonzalez.org\/jg-malaga\/\" class=\"wp-image-8902\" srcset=\"https:\/\/juliogonzalez.org\/wp-content\/uploads\/2021\/05\/JG-Malaga.png 711w, https:\/\/juliogonzalez.org\/wp-content\/uploads\/2021\/05\/JG-Malaga-300x270.png 300w, https:\/\/juliogonzalez.org\/wp-content\/uploads\/2021\/05\/JG-Malaga-600x540.png 600w, https:\/\/juliogonzalez.org\/wp-content\/uploads\/2021\/05\/JG-Malaga-145x131.png 145w, https:\/\/juliogonzalez.org\/wp-content\/uploads\/2021\/05\/JG-Malaga-24x22.png 24w, https:\/\/juliogonzalez.org\/wp-content\/uploads\/2021\/05\/JG-Malaga-36x32.png 36w, https:\/\/juliogonzalez.org\/wp-content\/uploads\/2021\/05\/JG-Malaga-48x43.png 48w\" sizes=\"auto, (max-width: 711px) 100vw, 711px\" \/><\/figure><\/li><\/ul><\/figure>\n\n\n\n<p>The works on display come mainly from the collection of the Mus\u00e9e National d\u2019art Moderne (MNAM) in Paris, today housed at the Centre Pompidou.\u00a0 It is the second largest collection of Julio Gonz\u00e1lez&#8217;s work in a museum after the IVAM Centre Julio Gonz\u00e1lez.  This is thanks in large part to the donations made by his daughter, Roberta Gonz\u00e1lez, starting in the 1950s. These donations were made after the first Julio Gonz\u00e1lez retrospective held at the MNAM in 1952.<\/p>\n\n\n\n<figure class=\"wp-block-image size-large\"><img loading=\"lazy\" decoding=\"async\" width=\"935\" height=\"704\" src=\"https:\/\/juliogonzalez.org\/wp-content\/uploads\/2021\/05\/JG-MNAM-1952.png\" alt=\"\" class=\"wp-image-8970\" srcset=\"https:\/\/juliogonzalez.org\/wp-content\/uploads\/2021\/05\/JG-MNAM-1952.png 935w, https:\/\/juliogonzalez.org\/wp-content\/uploads\/2021\/05\/JG-MNAM-1952-300x226.png 300w, https:\/\/juliogonzalez.org\/wp-content\/uploads\/2021\/05\/JG-MNAM-1952-768x578.png 768w, https:\/\/juliogonzalez.org\/wp-content\/uploads\/2021\/05\/JG-MNAM-1952-600x452.png 600w, https:\/\/juliogonzalez.org\/wp-content\/uploads\/2021\/05\/JG-MNAM-1952-145x109.png 145w, https:\/\/juliogonzalez.org\/wp-content\/uploads\/2021\/05\/JG-MNAM-1952-24x18.png 24w, https:\/\/juliogonzalez.org\/wp-content\/uploads\/2021\/05\/JG-MNAM-1952-36x27.png 36w, https:\/\/juliogonzalez.org\/wp-content\/uploads\/2021\/05\/JG-MNAM-1952-48x36.png 48w\" sizes=\"auto, (max-width: 935px) 100vw, 935px\" \/><figcaption> Inauguration de la r\u00e9trospective de Julio Gonz\u00e1lez, Mus\u00e9e national d&#8217;art moderne, Paris, 1952 <br>(de gauche \u00e0 droite, Hans Hartung, Lola, Pilar, Marie-Th\u00e9r\u00e8se et Roberta Gonz\u00e1lez)<\/figcaption><\/figure>\n\n\n\n<p>The current retrospective retraces the major phases of the evolution of Gonz\u00e1lez&#8217;s work while in contact with the Parisian artistic scene starting in 1900, when he moves there with his family from Barcelona.  <\/p>\n\n\n\n<figure class=\"wp-block-gallery columns-3 is-cropped wp-block-gallery-2 is-layout-flex wp-block-gallery-is-layout-flex\"><ul class=\"blocks-gallery-grid\"><li class=\"blocks-gallery-item\"><figure><img loading=\"lazy\" decoding=\"async\" width=\"706\" height=\"1024\" src=\"https:\/\/juliogonzalez.org\/wp-content\/uploads\/2014\/09\/R_fille-broc-706x1024.jpg\" alt=\"\" data-id=\"5267\" data-full-url=\"https:\/\/juliogonzalez.org\/wp-content\/uploads\/2014\/09\/R_fille-broc.jpg\" data-link=\"https:\/\/juliogonzalez.org\/catalogue\/jeune-fille-au-broc\/r_fille-broc\/\" class=\"wp-image-5268\" srcset=\"https:\/\/juliogonzalez.org\/wp-content\/uploads\/2014\/09\/R_fille-broc-706x1024.jpg 706w, https:\/\/juliogonzalez.org\/wp-content\/uploads\/2014\/09\/R_fille-broc-207x300.jpg 207w, https:\/\/juliogonzalez.org\/wp-content\/uploads\/2014\/09\/R_fille-broc-600x870.jpg 600w, https:\/\/juliogonzalez.org\/wp-content\/uploads\/2014\/09\/R_fille-broc-145x210.jpg 145w, https:\/\/juliogonzalez.org\/wp-content\/uploads\/2014\/09\/R_fille-broc-17x24.jpg 17w, https:\/\/juliogonzalez.org\/wp-content\/uploads\/2014\/09\/R_fille-broc-25x36.jpg 25w, https:\/\/juliogonzalez.org\/wp-content\/uploads\/2014\/09\/R_fille-broc-33x48.jpg 33w, https:\/\/juliogonzalez.org\/wp-content\/uploads\/2014\/09\/R_fille-broc.jpg 745w\" sizes=\"auto, (max-width: 706px) 100vw, 706px\" \/><figcaption class=\"blocks-gallery-item__caption\">Jeune fille au broc, 1926-28<\/figcaption><\/figure><\/li><li class=\"blocks-gallery-item\"><figure><img loading=\"lazy\" decoding=\"async\" width=\"422\" height=\"600\" src=\"https:\/\/juliogonzalez.org\/wp-content\/uploads\/2014\/09\/julio-gonzalez-masque-decoupe-de-pilar-au-soleil-1929-1929.jpg\" alt=\"\" data-id=\"4840\" data-full-url=\"https:\/\/juliogonzalez.org\/wp-content\/uploads\/2014\/09\/julio-gonzalez-masque-decoupe-de-pilar-au-soleil-1929-1929.jpg\" data-link=\"https:\/\/juliogonzalez.org\/catalogue\/masque-decoupe-de-pilar-au-soleil\/julio-gonzalez-masque-decoupe-de-pilar-au-soleil-1929-1929\/\" class=\"wp-image-4841\" srcset=\"https:\/\/juliogonzalez.org\/wp-content\/uploads\/2014\/09\/julio-gonzalez-masque-decoupe-de-pilar-au-soleil-1929-1929.jpg 422w, https:\/\/juliogonzalez.org\/wp-content\/uploads\/2014\/09\/julio-gonzalez-masque-decoupe-de-pilar-au-soleil-1929-1929-211x300.jpg 211w, https:\/\/juliogonzalez.org\/wp-content\/uploads\/2014\/09\/julio-gonzalez-masque-decoupe-de-pilar-au-soleil-1929-1929-145x206.jpg 145w, https:\/\/juliogonzalez.org\/wp-content\/uploads\/2014\/09\/julio-gonzalez-masque-decoupe-de-pilar-au-soleil-1929-1929-17x24.jpg 17w, https:\/\/juliogonzalez.org\/wp-content\/uploads\/2014\/09\/julio-gonzalez-masque-decoupe-de-pilar-au-soleil-1929-1929-25x36.jpg 25w, https:\/\/juliogonzalez.org\/wp-content\/uploads\/2014\/09\/julio-gonzalez-masque-decoupe-de-pilar-au-soleil-1929-1929-34x48.jpg 34w\" sizes=\"auto, (max-width: 422px) 100vw, 422px\" \/><figcaption class=\"blocks-gallery-item__caption\">Masque d\u00e9coup\u00e9 de Pilar au Soleil, 1929<\/figcaption><\/figure><\/li><li class=\"blocks-gallery-item\"><figure><img loading=\"lazy\" decoding=\"async\" width=\"706\" height=\"1024\" src=\"https:\/\/juliogonzalez.org\/wp-content\/uploads\/2014\/09\/julio-gonzalez-tete-en-profondeur-1930-1930-e1445522982700-706x1024.jpg\" alt=\"\" data-id=\"4792\" data-full-url=\"https:\/\/juliogonzalez.org\/wp-content\/uploads\/2014\/09\/julio-gonzalez-tete-en-profondeur-1930-1930-e1445522982700.jpg\" data-link=\"https:\/\/juliogonzalez.org\/catalogue\/tete-en-profondeur\/julio-gonzalez-tete-en-profondeur-1930-1930\/\" class=\"wp-image-4793\" srcset=\"https:\/\/juliogonzalez.org\/wp-content\/uploads\/2014\/09\/julio-gonzalez-tete-en-profondeur-1930-1930-e1445522982700-706x1024.jpg 706w, https:\/\/juliogonzalez.org\/wp-content\/uploads\/2014\/09\/julio-gonzalez-tete-en-profondeur-1930-1930-e1445522982700-207x300.jpg 207w, https:\/\/juliogonzalez.org\/wp-content\/uploads\/2014\/09\/julio-gonzalez-tete-en-profondeur-1930-1930-e1445522982700-600x870.jpg 600w, https:\/\/juliogonzalez.org\/wp-content\/uploads\/2014\/09\/julio-gonzalez-tete-en-profondeur-1930-1930-e1445522982700-145x210.jpg 145w, https:\/\/juliogonzalez.org\/wp-content\/uploads\/2014\/09\/julio-gonzalez-tete-en-profondeur-1930-1930-e1445522982700-17x24.jpg 17w, https:\/\/juliogonzalez.org\/wp-content\/uploads\/2014\/09\/julio-gonzalez-tete-en-profondeur-1930-1930-e1445522982700-25x36.jpg 25w, https:\/\/juliogonzalez.org\/wp-content\/uploads\/2014\/09\/julio-gonzalez-tete-en-profondeur-1930-1930-e1445522982700-33x48.jpg 33w, https:\/\/juliogonzalez.org\/wp-content\/uploads\/2014\/09\/julio-gonzalez-tete-en-profondeur-1930-1930-e1445522982700.jpg 745w\" sizes=\"auto, (max-width: 706px) 100vw, 706px\" \/><figcaption class=\"blocks-gallery-item__caption\">T\u00eate en profondeur, 1930<\/figcaption><\/figure><\/li><\/ul><\/figure>\n\n\n\n<p>The exhibition begins by showing masks in metal, created using the repouss\u00e9 technique from 1910-1920, when sculpture wasn&#8217;t yet Gonz\u00e1lez&#8217;s focus.\u00a0 Next come Gonz\u00e1lez&#8217;s masks made of cut sheet metal, and his heads composed of a series of sheets of metal that have been cut, folded and soldered.  These sculptures demonstrate his belated adoption of vanguardist techniques, like the schematisation of forms and the fragmentation of volumes.  They also signal an important turning point in his career.  Indeed, starting in 1929, Gonz\u00e1lez abandons painting in favor of sculpture, which he accepts as his true vocation.  <\/p>\n\n\n\n<figure class=\"wp-block-gallery columns-3 is-cropped wp-block-gallery-3 is-layout-flex wp-block-gallery-is-layout-flex\"><ul class=\"blocks-gallery-grid\"><li class=\"blocks-gallery-item\"><figure><img loading=\"lazy\" decoding=\"async\" width=\"768\" height=\"1024\" src=\"https:\/\/juliogonzalez.org\/wp-content\/uploads\/2014\/09\/julio-gonzalez-femme-se-coiffant-i-1931-1931-768x1024.jpg\" alt=\"\" data-id=\"4770\" data-full-url=\"https:\/\/juliogonzalez.org\/wp-content\/uploads\/2014\/09\/julio-gonzalez-femme-se-coiffant-i-1931-1931.jpg\" data-link=\"https:\/\/juliogonzalez.org\/catalogue\/femme-se-coiffant-i\/julio-gonzalez-femme-se-coiffant-i-1931-1931\/\" class=\"wp-image-4771\" srcset=\"https:\/\/juliogonzalez.org\/wp-content\/uploads\/2014\/09\/julio-gonzalez-femme-se-coiffant-i-1931-1931-768x1024.jpg 768w, https:\/\/juliogonzalez.org\/wp-content\/uploads\/2014\/09\/julio-gonzalez-femme-se-coiffant-i-1931-1931-225x300.jpg 225w, https:\/\/juliogonzalez.org\/wp-content\/uploads\/2014\/09\/julio-gonzalez-femme-se-coiffant-i-1931-1931-600x800.jpg 600w, https:\/\/juliogonzalez.org\/wp-content\/uploads\/2014\/09\/julio-gonzalez-femme-se-coiffant-i-1931-1931-145x193.jpg 145w, https:\/\/juliogonzalez.org\/wp-content\/uploads\/2014\/09\/julio-gonzalez-femme-se-coiffant-i-1931-1931-18x24.jpg 18w, https:\/\/juliogonzalez.org\/wp-content\/uploads\/2014\/09\/julio-gonzalez-femme-se-coiffant-i-1931-1931-27x36.jpg 27w, https:\/\/juliogonzalez.org\/wp-content\/uploads\/2014\/09\/julio-gonzalez-femme-se-coiffant-i-1931-1931-36x48.jpg 36w, https:\/\/juliogonzalez.org\/wp-content\/uploads\/2014\/09\/julio-gonzalez-femme-se-coiffant-i-1931-1931.jpg 810w\" sizes=\"auto, (max-width: 768px) 100vw, 768px\" \/><figcaption class=\"blocks-gallery-item__caption\">Femme se coiffant I, 1931<\/figcaption><\/figure><\/li><li class=\"blocks-gallery-item\"><figure><img loading=\"lazy\" decoding=\"async\" width=\"785\" height=\"1024\" src=\"https:\/\/juliogonzalez.org\/wp-content\/uploads\/2014\/09\/julio-gonzalez-personnage-dit-la-girafe-1935-1935-785x1024.jpg\" alt=\"\" data-id=\"4625\" data-full-url=\"https:\/\/juliogonzalez.org\/wp-content\/uploads\/2014\/09\/julio-gonzalez-personnage-dit-la-girafe-1935-1935.jpg\" data-link=\"https:\/\/juliogonzalez.org\/catalogue\/personnage-dit-la-girafe\/julio-gonzalez-personnage-dit-la-girafe-1935-1935\/\" class=\"wp-image-4626\" srcset=\"https:\/\/juliogonzalez.org\/wp-content\/uploads\/2014\/09\/julio-gonzalez-personnage-dit-la-girafe-1935-1935-785x1024.jpg 785w, https:\/\/juliogonzalez.org\/wp-content\/uploads\/2014\/09\/julio-gonzalez-personnage-dit-la-girafe-1935-1935-230x300.jpg 230w, https:\/\/juliogonzalez.org\/wp-content\/uploads\/2014\/09\/julio-gonzalez-personnage-dit-la-girafe-1935-1935-600x783.jpg 600w, https:\/\/juliogonzalez.org\/wp-content\/uploads\/2014\/09\/julio-gonzalez-personnage-dit-la-girafe-1935-1935-145x189.jpg 145w, https:\/\/juliogonzalez.org\/wp-content\/uploads\/2014\/09\/julio-gonzalez-personnage-dit-la-girafe-1935-1935-18x24.jpg 18w, https:\/\/juliogonzalez.org\/wp-content\/uploads\/2014\/09\/julio-gonzalez-personnage-dit-la-girafe-1935-1935-28x36.jpg 28w, https:\/\/juliogonzalez.org\/wp-content\/uploads\/2014\/09\/julio-gonzalez-personnage-dit-la-girafe-1935-1935-37x48.jpg 37w, https:\/\/juliogonzalez.org\/wp-content\/uploads\/2014\/09\/julio-gonzalez-personnage-dit-la-girafe-1935-1935.jpg 828w\" sizes=\"auto, (max-width: 785px) 100vw, 785px\" \/><figcaption class=\"blocks-gallery-item__caption\">La girafe, 1935<\/figcaption><\/figure><\/li><li class=\"blocks-gallery-item\"><figure><img loading=\"lazy\" decoding=\"async\" width=\"790\" height=\"1000\" src=\"https:\/\/juliogonzalez.org\/wp-content\/uploads\/2014\/09\/GONZALEZ-Ange-insecte-danseuse-1.jpg\" alt=\"\" data-id=\"7818\" data-full-url=\"https:\/\/juliogonzalez.org\/wp-content\/uploads\/2014\/09\/GONZALEZ-Ange-insecte-danseuse-1.jpg\" data-link=\"https:\/\/juliogonzalez.org\/catalogue\/personnage-appele-par-picasso-l-ange-egalement-dit-l-insecte-la-danseuse\/gonzalez-ange-insecte-danseuse-1\/\" class=\"wp-image-8973\" srcset=\"https:\/\/juliogonzalez.org\/wp-content\/uploads\/2014\/09\/GONZALEZ-Ange-insecte-danseuse-1.jpg 790w, https:\/\/juliogonzalez.org\/wp-content\/uploads\/2014\/09\/GONZALEZ-Ange-insecte-danseuse-1-237x300.jpg 237w, https:\/\/juliogonzalez.org\/wp-content\/uploads\/2014\/09\/GONZALEZ-Ange-insecte-danseuse-1-768x972.jpg 768w, https:\/\/juliogonzalez.org\/wp-content\/uploads\/2014\/09\/GONZALEZ-Ange-insecte-danseuse-1-600x759.jpg 600w, https:\/\/juliogonzalez.org\/wp-content\/uploads\/2014\/09\/GONZALEZ-Ange-insecte-danseuse-1-145x184.jpg 145w, https:\/\/juliogonzalez.org\/wp-content\/uploads\/2014\/09\/GONZALEZ-Ange-insecte-danseuse-1-19x24.jpg 19w, https:\/\/juliogonzalez.org\/wp-content\/uploads\/2014\/09\/GONZALEZ-Ange-insecte-danseuse-1-28x36.jpg 28w, https:\/\/juliogonzalez.org\/wp-content\/uploads\/2014\/09\/GONZALEZ-Ange-insecte-danseuse-1-38x48.jpg 38w\" sizes=\"auto, (max-width: 790px) 100vw, 790px\" \/><figcaption class=\"blocks-gallery-item__caption\">L&#8217;ange, l&#8217;insecte, la danseuse, 1935<\/figcaption><\/figure><\/li><\/ul><\/figure>\n\n\n\n<p>The exhibition then shows a series of major works from his mature period in the 1930s, as he revolutionizes metallic sculpture by managing to &#8220;draw in space&#8221; with iron, thanks to his technical prowess and his personal vision.  <\/p>\n\n\n\n<figure class=\"wp-block-gallery columns-3 is-cropped wp-block-gallery-4 is-layout-flex wp-block-gallery-is-layout-flex\"><ul class=\"blocks-gallery-grid\"><li class=\"blocks-gallery-item\"><figure><img loading=\"lazy\" decoding=\"async\" width=\"501\" height=\"1024\" src=\"https:\/\/juliogonzalez.org\/wp-content\/uploads\/2021\/05\/Gonzalez-Hombre-cactus-501x1024.jpeg\" alt=\"\" data-id=\"8978\" data-full-url=\"https:\/\/juliogonzalez.org\/wp-content\/uploads\/2021\/05\/Gonzalez-Hombre-cactus.jpeg\" data-link=\"https:\/\/juliogonzalez.org\/2021\/05\/20\/retrospective-julio-gonzalez-au-centre-pompidou-malaga-27-mai-au-17-octobre-2021\/gonzalez-hombre-cactus\/\" class=\"wp-image-8979\" srcset=\"https:\/\/juliogonzalez.org\/wp-content\/uploads\/2021\/05\/Gonzalez-Hombre-cactus-501x1024.jpeg 501w, https:\/\/juliogonzalez.org\/wp-content\/uploads\/2021\/05\/Gonzalez-Hombre-cactus-147x300.jpeg 147w, https:\/\/juliogonzalez.org\/wp-content\/uploads\/2021\/05\/Gonzalez-Hombre-cactus-768x1571.jpeg 768w, https:\/\/juliogonzalez.org\/wp-content\/uploads\/2021\/05\/Gonzalez-Hombre-cactus-600x1227.jpeg 600w, https:\/\/juliogonzalez.org\/wp-content\/uploads\/2021\/05\/Gonzalez-Hombre-cactus-751x1536.jpeg 751w, https:\/\/juliogonzalez.org\/wp-content\/uploads\/2021\/05\/Gonzalez-Hombre-cactus-103x210.jpeg 103w, https:\/\/juliogonzalez.org\/wp-content\/uploads\/2021\/05\/Gonzalez-Hombre-cactus-12x24.jpeg 12w, https:\/\/juliogonzalez.org\/wp-content\/uploads\/2021\/05\/Gonzalez-Hombre-cactus-18x36.jpeg 18w, https:\/\/juliogonzalez.org\/wp-content\/uploads\/2021\/05\/Gonzalez-Hombre-cactus-23x48.jpeg 23w, https:\/\/juliogonzalez.org\/wp-content\/uploads\/2021\/05\/Gonzalez-Hombre-cactus.jpeg 900w\" sizes=\"auto, (max-width: 501px) 100vw, 501px\" \/><figcaption class=\"blocks-gallery-item__caption\">Homme Cactus, 1940-41<\/figcaption><\/figure><\/li><li class=\"blocks-gallery-item\"><figure><img loading=\"lazy\" decoding=\"async\" width=\"761\" height=\"1024\" src=\"https:\/\/juliogonzalez.org\/wp-content\/uploads\/2021\/05\/Gonzalez-Etude-pour-lange-n-17-761x1024.jpeg\" alt=\"\" data-id=\"8976\" data-full-url=\"https:\/\/juliogonzalez.org\/wp-content\/uploads\/2021\/05\/Gonzalez-Etude-pour-lange-n-17.jpeg\" data-link=\"https:\/\/juliogonzalez.org\/2021\/05\/20\/retrospective-julio-gonzalez-au-centre-pompidou-malaga-27-mai-au-17-octobre-2021\/gonzalez-etude-pour-lange-n-17\/\" class=\"wp-image-8977\" srcset=\"https:\/\/juliogonzalez.org\/wp-content\/uploads\/2021\/05\/Gonzalez-Etude-pour-lange-n-17-761x1024.jpeg 761w, https:\/\/juliogonzalez.org\/wp-content\/uploads\/2021\/05\/Gonzalez-Etude-pour-lange-n-17-223x300.jpeg 223w, https:\/\/juliogonzalez.org\/wp-content\/uploads\/2021\/05\/Gonzalez-Etude-pour-lange-n-17-768x1033.jpeg 768w, https:\/\/juliogonzalez.org\/wp-content\/uploads\/2021\/05\/Gonzalez-Etude-pour-lange-n-17-600x807.jpeg 600w, https:\/\/juliogonzalez.org\/wp-content\/uploads\/2021\/05\/Gonzalez-Etude-pour-lange-n-17-145x195.jpeg 145w, https:\/\/juliogonzalez.org\/wp-content\/uploads\/2021\/05\/Gonzalez-Etude-pour-lange-n-17-18x24.jpeg 18w, https:\/\/juliogonzalez.org\/wp-content\/uploads\/2021\/05\/Gonzalez-Etude-pour-lange-n-17-27x36.jpeg 27w, https:\/\/juliogonzalez.org\/wp-content\/uploads\/2021\/05\/Gonzalez-Etude-pour-lange-n-17-36x48.jpeg 36w, https:\/\/juliogonzalez.org\/wp-content\/uploads\/2021\/05\/Gonzalez-Etude-pour-lange-n-17.jpeg 900w\" sizes=\"auto, (max-width: 761px) 100vw, 761px\" \/><figcaption class=\"blocks-gallery-item__caption\">Etude pour l&#8217;Ange, 1935<\/figcaption><\/figure><\/li><li class=\"blocks-gallery-item\"><figure><img loading=\"lazy\" decoding=\"async\" width=\"669\" height=\"1024\" src=\"https:\/\/juliogonzalez.org\/wp-content\/uploads\/2021\/05\/Gonzalez-Dos-autorretratos-669x1024.jpeg\" alt=\"\" data-id=\"8974\" data-full-url=\"https:\/\/juliogonzalez.org\/wp-content\/uploads\/2021\/05\/Gonzalez-Dos-autorretratos.jpeg\" data-link=\"https:\/\/juliogonzalez.org\/2021\/05\/20\/retrospective-julio-gonzalez-au-centre-pompidou-malaga-27-mai-au-17-octobre-2021\/gonzalez-dos-autorretratos\/\" class=\"wp-image-8975\" srcset=\"https:\/\/juliogonzalez.org\/wp-content\/uploads\/2021\/05\/Gonzalez-Dos-autorretratos-669x1024.jpeg 669w, https:\/\/juliogonzalez.org\/wp-content\/uploads\/2021\/05\/Gonzalez-Dos-autorretratos-196x300.jpeg 196w, https:\/\/juliogonzalez.org\/wp-content\/uploads\/2021\/05\/Gonzalez-Dos-autorretratos-768x1175.jpeg 768w, https:\/\/juliogonzalez.org\/wp-content\/uploads\/2021\/05\/Gonzalez-Dos-autorretratos-600x918.jpeg 600w, https:\/\/juliogonzalez.org\/wp-content\/uploads\/2021\/05\/Gonzalez-Dos-autorretratos-137x210.jpeg 137w, https:\/\/juliogonzalez.org\/wp-content\/uploads\/2021\/05\/Gonzalez-Dos-autorretratos-16x24.jpeg 16w, https:\/\/juliogonzalez.org\/wp-content\/uploads\/2021\/05\/Gonzalez-Dos-autorretratos-24x36.jpeg 24w, https:\/\/juliogonzalez.org\/wp-content\/uploads\/2021\/05\/Gonzalez-Dos-autorretratos-31x48.jpeg 31w, https:\/\/juliogonzalez.org\/wp-content\/uploads\/2021\/05\/Gonzalez-Dos-autorretratos.jpeg 900w\" sizes=\"auto, (max-width: 669px) 100vw, 669px\" \/><figcaption class=\"blocks-gallery-item__caption\">Deux autoportraits, 1941<\/figcaption><\/figure><\/li><\/ul><\/figure>\n\n\n\n<p>Gonz\u00e1lez&#8217;s drawings, which constitue a fundamental aspect of his work, are also represented.  Works of art in their own right, Gonz\u00e1lez also uses drawing as a laboratory to experiment with ideas for sculptures.  The exhibition ends with a series of self-portraits created by Gonz\u00e1lez at the end of his life.  They demonstrate both determination and a certain spirit of resistance in the face of the tragic and turbulent years of war and occupation he faced.  <\/p>\n\n\n\n<p>The exhibition will be on display at the Centre Pompidou M\u00e1laga through 17 October 2021.<\/p>\n\n\n\n<p>Find out more<\/p>\n","protected":false},"excerpt":{"rendered":"<p>Starting on 27 May 2021, an important retrospective on Julio Gonz\u00e1lez will be on view at the Centre Pompidou M\u00e1laga. The works on display come mainly from the collection of the Mus\u00e9e National d\u2019art Moderne (MNAM) in Paris, today housed at the Centre Pompidou.\u00a0 It is the second largest collection of Julio Gonz\u00e1lez&#8217;s work in [&hellip;]<\/p>\n","protected":false},"author":8,"featured_media":8950,"comment_status":"closed","ping_status":"closed","sticky":false,"template":"","format":"standard","meta":{"footnotes":""},"categories":[640,696,56],"tags":[],"class_list":["post-8968","post","type-post","status-publish","format-standard","has-post-thumbnail","hentry","category-exhibition","category-expositions-en","category-uncategorized"],"_links":{"self":[{"href":"https:\/\/juliogonzalez.org\/en\/wp-json\/wp\/v2\/posts\/8968","targetHints":{"allow":["GET"]}}],"collection":[{"href":"https:\/\/juliogonzalez.org\/en\/wp-json\/wp\/v2\/posts"}],"about":[{"href":"https:\/\/juliogonzalez.org\/en\/wp-json\/wp\/v2\/types\/post"}],"author":[{"embeddable":true,"href":"https:\/\/juliogonzalez.org\/en\/wp-json\/wp\/v2\/users\/8"}],"replies":[{"embeddable":true,"href":"https:\/\/juliogonzalez.org\/en\/wp-json\/wp\/v2\/comments?post=8968"}],"version-history":[{"count":4,"href":"https:\/\/juliogonzalez.org\/en\/wp-json\/wp\/v2\/posts\/8968\/revisions"}],"predecessor-version":[{"id":8985,"href":"https:\/\/juliogonzalez.org\/en\/wp-json\/wp\/v2\/posts\/8968\/revisions\/8985"}],"wp:featuredmedia":[{"embeddable":true,"href":"https:\/\/juliogonzalez.org\/en\/wp-json\/wp\/v2\/media\/8950"}],"wp:attachment":[{"href":"https:\/\/juliogonzalez.org\/en\/wp-json\/wp\/v2\/media?parent=8968"}],"wp:term":[{"taxonomy":"category","embeddable":true,"href":"https:\/\/juliogonzalez.org\/en\/wp-json\/wp\/v2\/categories?post=8968"},{"taxonomy":"post_tag","embeddable":true,"href":"https:\/\/juliogonzalez.org\/en\/wp-json\/wp\/v2\/tags?post=8968"}],"curies":[{"name":"wp","href":"https:\/\/api.w.org\/{rel}","templated":true}]}}